{"id":38737,"date":"2023-04-17T09:36:24","date_gmt":"2023-04-17T09:36:24","guid":{"rendered":"https:\/\/iberopress.es\/index.php\/2023\/04\/17\/cuales-han-sido-las-consecuencias-del-covid-en-la-alimentacion-y-el-estado-emocional\/"},"modified":"2023-04-17T09:36:24","modified_gmt":"2023-04-17T09:36:24","slug":"cuales-han-sido-las-consecuencias-del-covid-en-la-alimentacion-y-el-estado-emocional","status":"publish","type":"post","link":"https:\/\/iberopress.es\/index.php\/2023\/04\/17\/cuales-han-sido-las-consecuencias-del-covid-en-la-alimentacion-y-el-estado-emocional\/","title":{"rendered":"Cu\u00e1les han sido las consecuencias del covid en la alimentaci\u00f3n y el estado emocional"},"content":{"rendered":"<p>Cu\u00e1les han sido las consecuencias del covid en la alimentaci\u00f3n y el estado emocional<\/p>\n<p>Cu\u00e1les han sido las consecuencias del covid en la alimentaci\u00f3n y el estado emocional<\/p>\n<div>\n<div><\/div>\n<p>El 14 de marzo de 2020 la pandemia de la covid oblig\u00f3 a muchas personas a parar y quedarse en casa. Otras vieron alteradas sus rutinas de otras maneras. En cualquier caso, algo que no se dej\u00f3 de hacer fue <strong>comer y relacionarse con la comida<\/strong>. En algunos casos esto supuso un antes y un despu\u00e9s. Por este motivo, durante el aislamiento se observaron cambios en los patrones de alimentaci\u00f3n, incluyendo un mayor consumo de alimentos ricos en calor\u00edas, productos procesados y bebidas alcoh\u00f3licas, entre otros productos.<\/p>\n<p>Seg\u00fan explica Esther Boada, psic\u00f3loga y directora de <a href=\"https:\/\/centresukha.com\/\" rel=\"noreferrer\">Centre Sukha<\/a>, esto ha sido disparado por un mayor nivel de ansiedad. En este sentido, un estudio mundial ha observado que este sentimiento de miedo e inquietud ha aumentado en un 31,9 % durante 2020 a nivel global. En este contexto, cuando se volvi\u00f3 a la normalidad, los profesionales del \u00e1mbito de la salud comenzaron a notar <a href=\"https:\/\/centresukha.com\/psicologia-cornella-de-llobregat\/\" rel=\"noreferrer\">consecuencias covid<\/a> como, por ejemplo, un mayor n\u00famero de trastornos de la conducta alimentaria, como la anorexia y la bulimia.<\/p>\n<p>Esto tambi\u00e9n ha aumentado, sobre todo en los j\u00f3venes, como consecuencia del aumento del uso de las redes sociales, ya que era la \u00fanica forma de mantener un contacto continuo con el resto de la sociedad.<\/p>\n<h2 id=\"las-consecuencias-de-la-covid-desde-el-punto-de-vista-de-la-nutricion\">Las consecuencias de la covid desde el punto de vista de la nutrici\u00f3n<\/h2>\n<p>Seg\u00fan comenta Lara Arnau, nutricionista de Centre Sukha, dedicarse \u00fanicamente al trabajo y haber dejado de practicar actividad f\u00edsica son dos factores que han llevado a muchas personas al aumento de peso y a la p\u00e9rdida de h\u00e1bitos saludables. Adem\u00e1s, esta profesional cuenta que, hoy en d\u00eda,<strong> sigue siendo habitual que lleguen a la consulta de nutrici\u00f3n pacientes que necesitan ayuda para mejorar su relaci\u00f3n con la comida. <\/strong>En muchos casos, es com\u00fan que el debut de los problemas haya ocurrido durante el per\u00edodo de pandemia.<\/p>\n<p>Una de las claves para revertir esta situaci\u00f3n es volver o comenzar a llevar una alimentaci\u00f3n variada, aunque sin prohibirse nada. Con respecto a esto \u00faltimo, las prohibiciones aumentan el deseo y llevan a las personas a un consumo excesivo.<\/p>\n<h2 id=\"alimentos-mas-y-menos-nutritivos\">Alimentos m\u00e1s y menos nutritivos<\/h2>\n<p>Aquellos alimentos que se consideran m\u00e1s nutritivos y deber\u00edan ser la base de la dieta diaria, son las frutas, las verduras y hortalizas, el cereal, las legumbres, el aceite de oliva virgen extra, los frutos secos y los l\u00e1cteos. Adem\u00e1s, en las comidas principales es necesario consumir prote\u00ednas, que es posible encontrar en la carne, el pescado y los huevos. Tambi\u00e9n <strong>hay prote\u00ednas de origen vegetal en las legumbres o la soja y los sustitutivos que cada vez m\u00e1s se encuentran con mayor facilidad en el mercado.\u00a0<\/strong><\/p>\n<p>Por otra parte, los alimentos menos nutritivos que se deben desplazar a un consumo ocasional son las golosinas, los dulces, las carnes rojas procesadas (hamburguesas o salchichas), los embutidos, los refrescos azucarados o los <em>snacks<\/em> de bolsa.<\/p>\n<p>En conclusi\u00f3n, en Centre Sukha es posible encontrar apoyo profesional para superar las consecuencias del covid tanto en la salud mental como en la nutrici\u00f3n.\u00a0<\/p>\n<p>The post <a rel=\"nofollow\" href=\"https:\/\/tecnobitt.com\/cuales-han-sido-las-consecuencias-del-covid-en-la-alimentacion-y-el-estado-emocional\/\">Cu\u00e1les han sido las consecuencias del covid en la alimentaci\u00f3n y el estado emocional<\/a> appeared first on <a rel=\"nofollow\" href=\"https:\/\/tecnobitt.com\/\">TecnoBitt :- Un bit de tecnolog\u00eda diaria<\/a>.<\/p>\n<\/div>\n<p><img decoding=\"async\" class=\"wpe_imgrss\" src=\"https:\/\/tecnobitt.com\/wp-content\/uploads\/2023\/04\/cuales-han-sido-las-consecuencias-del-covid-en-la-alimentacion-y-el-estado-emocional.jpg\"><\/p>\n<p><img decoding=\"async\" class=\"wpe_imgrss\" src=\"https:\/\/diarioemprendedor.com\/wp-content\/uploads\/2023\/04\/cuales-han-sido-las-consecuencias-del-covid-en-la-alimentacion-y-el-estado-emocional-768x512.jpg\"><\/p>\n","protected":false},"excerpt":{"rendered":"Cu\u00e1les han sido las consecuencias del covid en la alimentaci\u00f3n y el estado emocional Cu\u00e1les han sido las&hellip;","protected":false},"author":2,"featured_media":38738,"comment_status":"closed","ping_status":"closed","sticky":false,"template":"","format":"standard","meta":{"csco_display_header_overlay":false,"csco_singular_sidebar":"","csco_page_header_type":"","csco_page_load_nextpost":"","csco_post_video_location":[],"csco_post_video_location_hash":"","csco_post_video_url":"","csco_post_video_bg_start_time":0,"csco_post_video_bg_end_time":0,"footnotes":""},"categories":[554,426,762,729,427,75,763,764,765,428,466,766],"tags":[114],"class_list":["post-38737","post","type-post","status-publish","format-standard","has-post-thumbnail","category-actualidad","category-destacado","category-ecocistema","category-entrevistas","category-featured","category-internet","category-inversiones","category-noticia","category-noticias","category-prensa","category-startups","category-venture-capital","tag-destacado","cs-entry","cs-video-wrap"],"_links":{"self":[{"href":"https:\/\/iberopress.es\/index.php\/wp-json\/wp\/v2\/posts\/38737","targetHints":{"allow":["GET"]}}],"collection":[{"href":"https:\/\/iberopress.es\/index.php\/wp-json\/wp\/v2\/posts"}],"about":[{"href":"https:\/\/iberopress.es\/index.php\/wp-json\/wp\/v2\/types\/post"}],"author":[{"embeddable":true,"href":"https:\/\/iberopress.es\/index.php\/wp-json\/wp\/v2\/users\/2"}],"replies":[{"embeddable":true,"href":"https:\/\/iberopress.es\/index.php\/wp-json\/wp\/v2\/comments?post=38737"}],"version-history":[{"count":0,"href":"https:\/\/iberopress.es\/index.php\/wp-json\/wp\/v2\/posts\/38737\/revisions"}],"wp:featuredmedia":[{"embeddable":true,"href":"https:\/\/iberopress.es\/index.php\/wp-json\/wp\/v2\/media\/38738"}],"wp:attachment":[{"href":"https:\/\/iberopress.es\/index.php\/wp-json\/wp\/v2\/media?parent=38737"}],"wp:term":[{"taxonomy":"category","embeddable":true,"href":"https:\/\/iberopress.es\/index.php\/wp-json\/wp\/v2\/categories?post=38737"},{"taxonomy":"post_tag","embeddable":true,"href":"https:\/\/iberopress.es\/index.php\/wp-json\/wp\/v2\/tags?post=38737"}],"curies":[{"name":"wp","href":"https:\/\/api.w.org\/{rel}","templated":true}]}}