{"id":38733,"date":"2023-04-17T09:36:17","date_gmt":"2023-04-17T09:36:17","guid":{"rendered":"https:\/\/iberopress.es\/index.php\/2023\/04\/17\/la-importancia-del-diseno-web-para-una-empresa\/"},"modified":"2023-04-17T09:36:17","modified_gmt":"2023-04-17T09:36:17","slug":"la-importancia-del-diseno-web-para-una-empresa","status":"publish","type":"post","link":"https:\/\/iberopress.es\/index.php\/2023\/04\/17\/la-importancia-del-diseno-web-para-una-empresa\/","title":{"rendered":"La importancia del dise\u00f1o web para una empresa"},"content":{"rendered":"<p>La importancia del dise\u00f1o web para una empresa<\/p>\n<p>La importancia del dise\u00f1o web para una empresa<\/p>\n<div>\n<div><\/div>\n<p>El <a href=\"https:\/\/2grow.ad\/diseno-de-paginas-web-andorra\/\" rel=\"noreferrer\">dise\u00f1o web<\/a> es un elemento fundamental en la vida de las personas y las empresas. Este aspecto determina la imagen de una compa\u00f1\u00eda o un profesional en internet y particularmente en las redes sociales con un auge en aumento. Andorra, cuya econom\u00eda se encamina hacia un entorno m\u00e1s digital, no es la excepci\u00f3n.<\/p>\n<p>Este principado ha dise\u00f1ado un esquema de atractivos fiscales y jur\u00eddicos que ha incentivado la migraci\u00f3n de muchas empresas a su territorio. Esto ha tenido un efecto multiplicador en los requerimientos de servicios que se operan desde este lugar, incluyendo el dise\u00f1o web.<\/p>\n<h2 id=\"importancia-del-diseno-web-para-una-empresa\">Importancia del dise\u00f1o web para una empresa<\/h2>\n<p>En el <em>marketing<\/em> digital es muy popular la frase \u201cno hay una segunda oportunidad para una primera impresi\u00f3n\u201d. Eso se debe a que seg\u00fan estudios, el 75 % de los usuarios considera determinante el dise\u00f1o web para creer en una p\u00e1gina. Por ende, tambi\u00e9n fija la confianza que puede generar la marca o empresa que se expone en un sitio espec\u00edfico.<\/p>\n<p>En otras palabras, si el dise\u00f1o web est\u00e1 mal, a la marca no le ir\u00e1 mejor. <strong>La funcionalidad, la forma y la compatibilidad son valores que marcan la experiencia de navegaci\u00f3n<\/strong>. Estas variables definen la decisi\u00f3n de seguir o no en una p\u00e1gina y repercuten en los indicadores de tr\u00e1fico, interacci\u00f3n o permanencia.<\/p>\n<p>Para enganchar a los usuarios es necesaria la asistencia profesional en el dise\u00f1o web. Solo los profesionales pueden aprovechar todos los recursos existentes para proyectar la mejor imagen posible. En un mercado fren\u00e9tico como el de Andorra, en el que muchas empresas quieren destacar, esta ayuda ser\u00e1 indispensable para sobresalir por encima de la competencia.<\/p>\n<h2 id=\"un-diseno-web-acorde-con-las-necesidades-de-andorra\">Un dise\u00f1o web acorde con las necesidades de Andorra<\/h2>\n<p>En medio de la todav\u00eda persistente incertidumbre econ\u00f3mica global,<strong> la posici\u00f3n de Andorra sigue siendo privilegiada en cuanto a estabilidad y solidez<\/strong>. Durante 2022, una serie de medidas del Govern de este peque\u00f1o principado ubicado entre Espa\u00f1a y Francia<strong> contribuyeron a fortalecer su competitividad para atraer inversiones<\/strong>.<\/p>\n<p>Las acciones estuvieron respaldadas por el Ministerio de Econom\u00eda y Empresa e incluyeron acuerdos y estrategias legales para consolidar las bases de su futuro econ\u00f3mico. Una de las premisas de esas pol\u00edticas fue la digitalizaci\u00f3n, con miras a transformar el modelo de la econom\u00eda y ajustarlo a las tendencias mundiales.<\/p>\n<p>El resultado de estas iniciativas es una actividad empresarial, financiera y comercial m\u00e1s din\u00e1mica que est\u00e1 teniendo incidencia en la demanda de servicios. Uno de los m\u00e1s requeridos es el dise\u00f1o web, ya que las empresas existentes y los nuevos emprendimientos est\u00e1n necesitando presencia en los canales digitales. Todos est\u00e1n conscientes de que esa presencia es la que determinar\u00e1 la supervivencia de cualquier emprendimiento.<\/p>\n<p>The post <a rel=\"nofollow\" href=\"https:\/\/tecnobitt.com\/la-importancia-del-diseno-web-para-una-empresa\/\">La importancia del dise\u00f1o web para una empresa<\/a> appeared first on <a rel=\"nofollow\" href=\"https:\/\/tecnobitt.com\/\">TecnoBitt :- Un bit de tecnolog\u00eda diaria<\/a>.<\/p>\n<\/div>\n<p><img decoding=\"async\" class=\"wpe_imgrss\" src=\"https:\/\/tecnobitt.com\/wp-content\/uploads\/2023\/04\/la-importancia-del-diseno-web-para-una-empresa.jpg\"><\/p>\n<p><img decoding=\"async\" class=\"wpe_imgrss\" src=\"https:\/\/diarioemprendedor.com\/wp-content\/uploads\/2023\/04\/la-importancia-del-diseno-web-para-una-empresa-768x512.jpg\"><\/p>\n","protected":false},"excerpt":{"rendered":"La importancia del dise\u00f1o web para una empresa La importancia del dise\u00f1o web para una empresa El dise\u00f1o&hellip;","protected":false},"author":2,"featured_media":38734,"comment_status":"closed","ping_status":"closed","sticky":false,"template":"","format":"standard","meta":{"csco_display_header_overlay":false,"csco_singular_sidebar":"","csco_page_header_type":"","csco_page_load_nextpost":"","csco_post_video_location":[],"csco_post_video_location_hash":"","csco_post_video_url":"","csco_post_video_bg_start_time":0,"csco_post_video_bg_end_time":0,"footnotes":""},"categories":[554,426,762,729,427,75,763,764,765,428,466,766],"tags":[114],"class_list":["post-38733","post","type-post","status-publish","format-standard","has-post-thumbnail","category-actualidad","category-destacado","category-ecocistema","category-entrevistas","category-featured","category-internet","category-inversiones","category-noticia","category-noticias","category-prensa","category-startups","category-venture-capital","tag-destacado","cs-entry","cs-video-wrap"],"_links":{"self":[{"href":"https:\/\/iberopress.es\/index.php\/wp-json\/wp\/v2\/posts\/38733","targetHints":{"allow":["GET"]}}],"collection":[{"href":"https:\/\/iberopress.es\/index.php\/wp-json\/wp\/v2\/posts"}],"about":[{"href":"https:\/\/iberopress.es\/index.php\/wp-json\/wp\/v2\/types\/post"}],"author":[{"embeddable":true,"href":"https:\/\/iberopress.es\/index.php\/wp-json\/wp\/v2\/users\/2"}],"replies":[{"embeddable":true,"href":"https:\/\/iberopress.es\/index.php\/wp-json\/wp\/v2\/comments?post=38733"}],"version-history":[{"count":0,"href":"https:\/\/iberopress.es\/index.php\/wp-json\/wp\/v2\/posts\/38733\/revisions"}],"wp:featuredmedia":[{"embeddable":true,"href":"https:\/\/iberopress.es\/index.php\/wp-json\/wp\/v2\/media\/38734"}],"wp:attachment":[{"href":"https:\/\/iberopress.es\/index.php\/wp-json\/wp\/v2\/media?parent=38733"}],"wp:term":[{"taxonomy":"category","embeddable":true,"href":"https:\/\/iberopress.es\/index.php\/wp-json\/wp\/v2\/categories?post=38733"},{"taxonomy":"post_tag","embeddable":true,"href":"https:\/\/iberopress.es\/index.php\/wp-json\/wp\/v2\/tags?post=38733"}],"curies":[{"name":"wp","href":"https:\/\/api.w.org\/{rel}","templated":true}]}}