{"id":38729,"date":"2023-04-17T09:36:11","date_gmt":"2023-04-17T09:36:11","guid":{"rendered":"https:\/\/iberopress.es\/index.php\/2023\/04\/17\/las-subvenciones-para-las-reformas-de-edificios-y-casas-que-beneficiaran-a-los-propietarios-y-tendran-un-impacto-positivo-en-el-medioambiente\/"},"modified":"2023-04-17T09:36:11","modified_gmt":"2023-04-17T09:36:11","slug":"las-subvenciones-para-las-reformas-de-edificios-y-casas-que-beneficiaran-a-los-propietarios-y-tendran-un-impacto-positivo-en-el-medioambiente","status":"publish","type":"post","link":"https:\/\/iberopress.es\/index.php\/2023\/04\/17\/las-subvenciones-para-las-reformas-de-edificios-y-casas-que-beneficiaran-a-los-propietarios-y-tendran-un-impacto-positivo-en-el-medioambiente\/","title":{"rendered":"Las subvenciones para las reformas de edificios y casas que beneficiar\u00e1n a los propietarios y tendr\u00e1n un impacto positivo en el medioambiente"},"content":{"rendered":"<p>Las subvenciones para las reformas de edificios y casas que beneficiar\u00e1n a los propietarios y tendr\u00e1n un impacto positivo en el medioambiente<\/p>\n<p>Las subvenciones para las reformas de edificios y casas que beneficiar\u00e1n a los propietarios y tendr\u00e1n un impacto positivo en el medioambiente<\/p>\n<div>\n<div><\/div>\n<div class=\"tdb-block-inner td-fix-index\" readability=\"41.994369857081\">\n<p><a href=\"https:\/\/pachecoarquitectos.es\/\" rel=\"noreferrer\">Pacheco Arquitectos<\/a> cuenta todo lo relacionado con las subvenciones y fondos que la Uni\u00f3n Europea ha asignado para la reforma de edificios y casas en Espa\u00f1a. Esto se debe a la importancia de la <a href=\"https:\/\/pachecoarquitectos.es\/servicios-de-arquitectura\/\" rel=\"noreferrer\">eficiencia energ\u00e9tica en edificios<\/a> en la reducci\u00f3n de emisiones de gases de efecto invernadero y la lucha contra el cambio clim\u00e1tico.<\/p>\n<p>Las subvenciones est\u00e1n disponibles tanto para particulares como para empresas y comunidades de propietarios que quieran llevar a cabo reformas en sus viviendas o edificios. Estas subvenciones cubren una amplia variedad de medidas de eficiencia energ\u00e9tica, como la instalaci\u00f3n de paneles solares, la mejora de la envolvente t\u00e9rmica del edificio, la instalaci\u00f3n de sistemas de iluminaci\u00f3n eficientes, la renovaci\u00f3n de sistemas de calefacci\u00f3n y la mejora de la eficiencia en el uso del agua.<\/p>\n<p>Una de las iniciativas m\u00e1s destacadas de la UE en este \u00e1mbito es el Programa de Renovaci\u00f3n Energ\u00e9tica de Edificios (PREB), que tiene como objetivo mejorar la eficiencia energ\u00e9tica de los edificios existentes en Europa. Este programa est\u00e1 financiado con un fondo de 120 millones de euros y se centra en la financiaci\u00f3n de proyectos de renovaci\u00f3n energ\u00e9tica en edificios p\u00fablicos y privados.<\/p>\n<p>En Espa\u00f1a, el PREB est\u00e1 siendo implementado por el Instituto para la Diversificaci\u00f3n y Ahorro de la Energ\u00eda (IDAE), una agencia del gobierno espa\u00f1ol que trabaja en el campo de la eficiencia energ\u00e9tica. El IDAE ofrece subvenciones de hasta el 30 % del coste de la reforma para particulares, comunidades de propietarios y empresas que realicen mejoras de eficiencia energ\u00e9tica en sus edificios. Adem\u00e1s, existe un fondo de 200 millones de euros destinado a la rehabilitaci\u00f3n de edificios residenciales y hoteles en zonas tur\u00edsticas degradadas.<\/p>\n<p>Por otro lado, es importante destacar que estas subvenciones no solo benefician a los propietarios de viviendas y edificios, sino que tambi\u00e9n tienen un impacto positivo en la econom\u00eda y el medioambiente. Al promover la mejora de la eficiencia energ\u00e9tica de los edificios, se reduce la dependencia de los combustibles f\u00f3siles y se disminuyen las emisiones de gases de efecto invernadero. Asimismo, la mejora de la eficiencia energ\u00e9tica de los edificios contribuye a la creaci\u00f3n de empleo y al impulso de la econom\u00eda local.<\/p>\n<\/div>\n<p>The post <a rel=\"nofollow\" href=\"https:\/\/tecnobitt.com\/las-subvenciones-para-las-reformas-de-edificios-y-casas-que-beneficiaran-a-los-propietarios-y-tendran-un-impacto-positivo-en-el-medioambiente\/\">Las subvenciones para las reformas de edificios y casas que beneficiar\u00e1n a los propietarios y tendr\u00e1n un impacto positivo en el medioambiente<\/a> appeared first on <a rel=\"nofollow\" href=\"https:\/\/tecnobitt.com\/\">TecnoBitt :- Un bit de tecnolog\u00eda diaria<\/a>.<\/p>\n<\/div>\n<p><img decoding=\"async\" class=\"wpe_imgrss\" src=\"https:\/\/tecnobitt.com\/wp-content\/uploads\/2023\/04\/las-subvenciones-para-las-reformas-de-edificios-y-casas-que-beneficiaran-a-los-propietarios-y-tendran-un-impacto-positivo-en-el-medioambiente.jpg\"><\/p>\n<p><img decoding=\"async\" class=\"wpe_imgrss\" src=\"https:\/\/diarioemprendedor.com\/wp-content\/uploads\/2023\/04\/las-subvenciones-para-las-reformas-de-edificios-y-casas-que-beneficiaran-a-los-propietarios-y-tendran-un-impacto-positivo-en-el-medioambiente-768x512.jpg\"><\/p>\n","protected":false},"excerpt":{"rendered":"Las subvenciones para las reformas de edificios y casas que beneficiar\u00e1n a los propietarios y tendr\u00e1n un impacto&hellip;","protected":false},"author":2,"featured_media":38730,"comment_status":"closed","ping_status":"closed","sticky":false,"template":"","format":"standard","meta":{"csco_display_header_overlay":false,"csco_singular_sidebar":"","csco_page_header_type":"","csco_page_load_nextpost":"","csco_post_video_location":[],"csco_post_video_location_hash":"","csco_post_video_url":"","csco_post_video_bg_start_time":0,"csco_post_video_bg_end_time":0,"footnotes":""},"categories":[554,426,762,729,427,75,763,764,765,428,466,431,766],"tags":[114],"class_list":["post-38729","post","type-post","status-publish","format-standard","has-post-thumbnail","category-actualidad","category-destacado","category-ecocistema","category-entrevistas","category-featured","category-internet","category-inversiones","category-noticia","category-noticias","category-prensa","category-startups","category-tendencias","category-venture-capital","tag-destacado","cs-entry","cs-video-wrap"],"_links":{"self":[{"href":"https:\/\/iberopress.es\/index.php\/wp-json\/wp\/v2\/posts\/38729","targetHints":{"allow":["GET"]}}],"collection":[{"href":"https:\/\/iberopress.es\/index.php\/wp-json\/wp\/v2\/posts"}],"about":[{"href":"https:\/\/iberopress.es\/index.php\/wp-json\/wp\/v2\/types\/post"}],"author":[{"embeddable":true,"href":"https:\/\/iberopress.es\/index.php\/wp-json\/wp\/v2\/users\/2"}],"replies":[{"embeddable":true,"href":"https:\/\/iberopress.es\/index.php\/wp-json\/wp\/v2\/comments?post=38729"}],"version-history":[{"count":0,"href":"https:\/\/iberopress.es\/index.php\/wp-json\/wp\/v2\/posts\/38729\/revisions"}],"wp:featuredmedia":[{"embeddable":true,"href":"https:\/\/iberopress.es\/index.php\/wp-json\/wp\/v2\/media\/38730"}],"wp:attachment":[{"href":"https:\/\/iberopress.es\/index.php\/wp-json\/wp\/v2\/media?parent=38729"}],"wp:term":[{"taxonomy":"category","embeddable":true,"href":"https:\/\/iberopress.es\/index.php\/wp-json\/wp\/v2\/categories?post=38729"},{"taxonomy":"post_tag","embeddable":true,"href":"https:\/\/iberopress.es\/index.php\/wp-json\/wp\/v2\/tags?post=38729"}],"curies":[{"name":"wp","href":"https:\/\/api.w.org\/{rel}","templated":true}]}}