{"id":38723,"date":"2023-04-17T09:36:04","date_gmt":"2023-04-17T09:36:04","guid":{"rendered":"https:\/\/iberopress.es\/index.php\/2023\/04\/17\/se-ahorra-mas-contratando-las-tarifas-duales-de-luz-y-gas\/"},"modified":"2023-04-17T09:36:04","modified_gmt":"2023-04-17T09:36:04","slug":"se-ahorra-mas-contratando-las-tarifas-duales-de-luz-y-gas","status":"publish","type":"post","link":"https:\/\/iberopress.es\/index.php\/2023\/04\/17\/se-ahorra-mas-contratando-las-tarifas-duales-de-luz-y-gas\/","title":{"rendered":"\u00bfSe ahorra m\u00e1s contratando las tarifas duales de luz y gas?"},"content":{"rendered":"<p>\u00bfSe ahorra m\u00e1s contratando las tarifas duales de luz y gas?<\/p>\n<p>\u00bfSe ahorra m\u00e1s contratando las tarifas duales de luz y gas?<\/p>\n<div>\n<div><\/div>\n<div class=\"tdb-block-inner td-fix-index\" readability=\"53.885703363914\">\n<p>A la hora de contratar una tarifa, hay quienes se preguntan si es mejor adquirirla de forma dual o por separado. Para conocer la mejor opci\u00f3n, <strong>Tar\u00edfalo<\/strong> ofrece gratuitamente un <a href=\"https:\/\/tarifalo.com\/comparador\/luz-gas\/\" rel=\"noreferrer\"><strong>comparador tarifas luz y gas 2023<\/strong><\/a> que permite a los usuarios contrastar ofertas personalizadas a su perfil y una aplicaci\u00f3n para saber en todo momento el <a href=\"https:\/\/tarifalo.com\/precio-luz-hoy\/\" rel=\"noreferrer\"><strong>precio de la luz hoy<\/strong><\/a> y cada d\u00eda para as\u00ed definir cu\u00e1l es el tipo de tarifa que mejor se ajuste a sus necesidades.<\/p>\n<h2 id=\"cuando-son-recomendables-las-tarifas-duales-de-luz-y-gas\">\u00bfCu\u00e1ndo son recomendables las tarifas duales de luz y gas?<\/h2>\n<p>Es una realidad que el precio de la luz en el mercado mayorista cambia todos los d\u00edas. Esto se debe a que su coste parte desde la demanda del servicio, de manera que cuanto mayor es, m\u00e1s sube el precio.<\/p>\n<p>En este contexto, hay quienes se preguntan si realmente vale la pena contratar una <strong>tarifa dual <\/strong>de la luz y el gas. La gran mayor\u00eda de las compa\u00f1\u00edas en Espa\u00f1a ofrecen las opciones por individual y en conjunto. Sin embargo, antes de escoger una de las opciones es importante determinar el consumo espec\u00edfico de cada uno de los servicios. Dependiendo del uso, cada comercializadora detalla una oferta para acordar un precio de la luz y el gas. Entonces, qui\u00e9n consume m\u00e1s luz que gas o viceversa, puede contratar el servicio por separado. En cambio,<strong> cuando la utilizaci\u00f3n de ambos servicios es similar, siempre se recomienda optar por una misma empresa y combinar las facturas.<\/strong><\/p>\n<p>Hay que recordar a las personas que opten por separar sus facturas que deben realizarlo con compa\u00f1\u00edas diferentes, ya que al obtener el servicio con una misma y la tarifa por separado, no lograr\u00e1n un ahorro significativo.<\/p>\n<h2 id=\"comparador-tarifas-luz-y-gas-2023\">Comparador tarifas luz y gas 2023<\/h2>\n<p>Como el <strong>precio kwh <\/strong>de la electricidad cambia todos los d\u00edas, el <strong>comparador de tarifas gas y luz<\/strong> <strong>Tar\u00edfalo <\/strong>muestra el precio por hora y zona espec\u00edfica. Por ejemplo, las tasas promedio se encuentran entre las 00\u202fh y la 01 h, as\u00ed como las 06 h y las 08 h. Mientras que <strong>de las 14 h a las 18 h se dan los periodos con costes m\u00e1s reducidos e ideales para el consumo, <\/strong>as\u00ed como durante las noches pasadas las 00:00 h. y los d\u00edas festivos. En cambio, de las 20 h a la 21 h se da, por lo general, el precio m\u00e1s alto. De esta manera se puede conocer un resumen diario para as\u00ed definir cu\u00e1l es la mejor opci\u00f3n en cuesti\u00f3n de facturas.<\/p>\n<p>Si bien <strong>el comparador tarifas de luz y gas es una buena opci\u00f3n, tambi\u00e9n se recomienda estudiar el consumo de energ\u00eda individual <\/strong>para as\u00ed optar por la opci\u00f3n que mejor le funcione a cada hogar. Para obtener un servicio especializado, Tar\u00edfalo es una web que sirve como fuente\u00a0principal en el proceso de comparaci\u00f3n.<\/p>\n<\/div>\n<p>The post <a rel=\"nofollow\" href=\"https:\/\/tecnobitt.com\/se-ahorra-mas-contratando-las-tarifas-duales-de-luz-y-gas\/\">\u00bfSe ahorra m\u00e1s contratando las tarifas duales de luz y gas?<\/a> appeared first on <a rel=\"nofollow\" href=\"https:\/\/tecnobitt.com\/\">TecnoBitt :- Un bit de tecnolog\u00eda diaria<\/a>.<\/p>\n<\/div>\n<p><img decoding=\"async\" class=\"wpe_imgrss\" src=\"https:\/\/tecnobitt.com\/wp-content\/uploads\/2023\/04\/se-ahorra-mas-contratando-las-tarifas-duales-de-luz-y-gas.jpg\"><\/p>\n<p><img decoding=\"async\" class=\"wpe_imgrss\" src=\"https:\/\/diarioemprendedor.com\/wp-content\/uploads\/2023\/04\/se-ahorra-mas-contratando-las-tarifas-duales-de-luz-y-gas-768x501.jpg\"><\/p>\n","protected":false},"excerpt":{"rendered":"\u00bfSe ahorra m\u00e1s contratando las tarifas duales de luz y gas? \u00bfSe ahorra m\u00e1s contratando las tarifas duales&hellip;","protected":false},"author":2,"featured_media":38724,"comment_status":"closed","ping_status":"closed","sticky":false,"template":"","format":"standard","meta":{"csco_display_header_overlay":false,"csco_singular_sidebar":"","csco_page_header_type":"","csco_page_load_nextpost":"","csco_post_video_location":[],"csco_post_video_location_hash":"","csco_post_video_url":"","csco_post_video_bg_start_time":0,"csco_post_video_bg_end_time":0,"footnotes":""},"categories":[554,426,762,729,427,75,763,764,765,428,466,766],"tags":[114],"class_list":["post-38723","post","type-post","status-publish","format-standard","has-post-thumbnail","category-actualidad","category-destacado","category-ecocistema","category-entrevistas","category-featured","category-internet","category-inversiones","category-noticia","category-noticias","category-prensa","category-startups","category-venture-capital","tag-destacado","cs-entry","cs-video-wrap"],"_links":{"self":[{"href":"https:\/\/iberopress.es\/index.php\/wp-json\/wp\/v2\/posts\/38723","targetHints":{"allow":["GET"]}}],"collection":[{"href":"https:\/\/iberopress.es\/index.php\/wp-json\/wp\/v2\/posts"}],"about":[{"href":"https:\/\/iberopress.es\/index.php\/wp-json\/wp\/v2\/types\/post"}],"author":[{"embeddable":true,"href":"https:\/\/iberopress.es\/index.php\/wp-json\/wp\/v2\/users\/2"}],"replies":[{"embeddable":true,"href":"https:\/\/iberopress.es\/index.php\/wp-json\/wp\/v2\/comments?post=38723"}],"version-history":[{"count":0,"href":"https:\/\/iberopress.es\/index.php\/wp-json\/wp\/v2\/posts\/38723\/revisions"}],"wp:featuredmedia":[{"embeddable":true,"href":"https:\/\/iberopress.es\/index.php\/wp-json\/wp\/v2\/media\/38724"}],"wp:attachment":[{"href":"https:\/\/iberopress.es\/index.php\/wp-json\/wp\/v2\/media?parent=38723"}],"wp:term":[{"taxonomy":"category","embeddable":true,"href":"https:\/\/iberopress.es\/index.php\/wp-json\/wp\/v2\/categories?post=38723"},{"taxonomy":"post_tag","embeddable":true,"href":"https:\/\/iberopress.es\/index.php\/wp-json\/wp\/v2\/tags?post=38723"}],"curies":[{"name":"wp","href":"https:\/\/api.w.org\/{rel}","templated":true}]}}