{"id":38713,"date":"2023-04-14T11:05:07","date_gmt":"2023-04-14T11:05:07","guid":{"rendered":"https:\/\/iberopress.es\/index.php\/2023\/04\/14\/sistelec-proveera-la-red-de-comunicaciones-digital-para-la-seguridad-y-emergencias-en-andalucia\/"},"modified":"2023-04-14T11:05:07","modified_gmt":"2023-04-14T11:05:07","slug":"sistelec-proveera-la-red-de-comunicaciones-digital-para-la-seguridad-y-emergencias-en-andalucia","status":"publish","type":"post","link":"https:\/\/iberopress.es\/index.php\/2023\/04\/14\/sistelec-proveera-la-red-de-comunicaciones-digital-para-la-seguridad-y-emergencias-en-andalucia\/","title":{"rendered":"Sistelec proveer\u00e1 la Red de Comunicaciones Digital para la seguridad y emergencias en Andaluc\u00eda"},"content":{"rendered":"<p>Sistelec proveer\u00e1 la Red de Comunicaciones Digital para la seguridad y emergencias en Andaluc\u00eda<\/p>\n<p>Sistelec proveer\u00e1 la Red de Comunicaciones Digital para la seguridad y emergencias en Andaluc\u00eda<\/p>\n<div>\n<p>\/COMUNICAE\/ <\/p>\n<p><a href=\"https:\/\/static.comunicae.com\/photos\/notas\/1244959\/infoca.jpg\" target=\"_blank\" class=\"fotonota\" rel=\"noopener\"> <img decoding=\"async\" src=\"https:\/\/static.comunicae.com\/photos\/notas\/1244959\/infoca.jpg\" border=\"0\" class=\"postImage\" alt=\"\"><\/a><\/p>\n<p>La Red Digital de Radiocomunicaciones M\u00f3viles proporcionar\u00e1 servicio a las Fuerzas y Cuerpos de Seguridad, Urgencias y Emergencias de la Junta de Andaluc\u00eda<\/p>\n<p>Hablamos de un proyecto sin antecedentes en Europa en cuanto a redes de radio DMR se refiere, un hito tanto por el tama\u00f1o de la red como por la integraci\u00f3n de diferentes tipos de usuario de misi\u00f3n o infraestructura cr\u00edtica bajo una misma red operativa. El proyecto ha sido adjudicado a la UT Cellnex \u2013 Axion. El objetivo, poder contar con una red de comunicaciones privada de emergencias de alta disponibilidad, para poder tener una eficiencia \u00fanica ante situaciones de riesgo que exigen de comunicaciones y decisiones r\u00e1pidas de diferentes grupos de trabajo, as\u00ed como una \u00e1gil coordinaci\u00f3n que permita responder de forma extremadamente r\u00e1pida ante situaciones comprometidas para la poblaci\u00f3n.<\/p>\n<p>El sistema suministrado, que dar\u00e1 servicio a los efectivos de INFOCA (Cuerpo de extinci\u00f3n de incendios forestales de la Comunidad Aut\u00f3noma de Andaluc\u00eda), 112 Emergencias, GREA (Grupos de emergencias de Andaluc\u00eda), Cetursa y red Hidrosur de Andaluc\u00eda, posibilitar\u00e1 la comunicaci\u00f3n entre personas, veh\u00edculos de polic\u00eda, camiones de bomberos, ambulancias y comunicaciones en grupo a trav\u00e9s de una red privada digital de radio (DMR) que permite optimizar din\u00e1micamente los recursos de comunicaciones. Todo ello de manera centralizada, pudiendo monitorizar y gestionar desde uno o varios puestos de control.\u00a0\u00a0\u00a0<\/p>\n<p>Las tecnolog\u00edas de comunicaci\u00f3n cobran un valor incalculable cuando se trata de proteger a la poblaci\u00f3n o salvar vidas. As\u00ed pues, cualquier red de comunicaciones debe contar con tecnolog\u00eda segura, fiable, r\u00e1pida y que siga completamente y de manera \u00edntegra, los est\u00e1ndares que marca la normativa europea. Como por ejemplo, la posible integraci\u00f3n y evoluci\u00f3n a tecnolog\u00edas de terceros como el 5G, MCX que garantiza que la red siempre podr\u00e1 ser adaptada a los nuevos avances tecnol\u00f3gicos.<\/p>\n<p>Para este prop\u00f3sito <a href=\"http:\/\/www.sistelec.es\/\" rel=\"nofollow\">S<\/a><a href=\"http:\/\/www.sistelec.es\/\" rel=\"nofollow\">istelec<\/a>, empresa responsable de suministrar los Servicios de Ingenier\u00eda y Soporte en el proyecto, ha confiado en la tecnolog\u00eda de Tait Communications, fabricante neozeland\u00e9s, especialista y l\u00edder indiscutible a nivel mundial para comunicaciones de red privada y comunicaciones unificadas integradas con LTE\/5G.\u00a0 <a href=\"http:\/\/www.sistelec.es\/\" rel=\"nofollow\">Sistelec<\/a>, es Distribuidor exclusivo y representante de Tait en Espa\u00f1a y Portugal y lleva desarrollando el negocio en estos pa\u00edses con innumerables casos de \u00e9xito durante los \u00faltimos 10 a\u00f1os.\u00a0<\/p>\n<p>Seg\u00fan Iker Murillo, CEO de <a href=\"https:\/\/sistelec.es\/\" rel=\"nofollow\">Sistelec<\/a>, \u00abLograr un Proyecto de estas caracter\u00edsticas te hace reflexionar sobre el papel fundamental que juega la tecnolog\u00eda en la vida de las personas y la responsabilidad que tenemos, como expertos en la materia, para poder aportar nuestra\u00a0ayuda a los cuerpos de emergencias y trabajadores de infraestructuras cr\u00edticas en una tarea tan compleja y necesaria. En ese sentido, Sistelec siempre ha confiado en los l\u00edderes del sector para acometer sus Proyectos como es el caso de Tait, y es un paso m\u00e1s para consolidar nuestra apuesta por el mercado de las comunicaciones cr\u00ed;ticas en Espa\u00f1a y Portugal \u00ab.\u00a0<\/p>\n<p class=\"mediakit\"> Fuente <a href=\"https:\/\/www.comunicae.es\/notas-de-prensa\/sistelec-proveera-la-red-de-comunicaciones_1\/\">Comunicae<\/a><\/p>\n<p><img decoding=\"async\" loading=\"lazy\" class=\"mediakit\" src=\"https:\/\/www.comunicae.es\/notificaLectura.php?tipoCanalId=75&amp;notaId=1244959\" width=\"1px\" height=\"1px\"><\/p>\n<p>The post <a rel=\"nofollow\" href=\"https:\/\/tecnobitt.com\/sistelec-proveera-la-red-de-comunicaciones-digital-para-la-seguridad-y-emergencias-en-andalucia\/\">Sistelec proveer\u00e1 la Red de Comunicaciones Digital para la seguridad y emergencias en Andaluc\u00eda<\/a> appeared first on <a rel=\"nofollow\" href=\"https:\/\/tecnobitt.com\/\">TecnoBitt :- Un bit de tecnolog\u00eda diaria<\/a>.<\/p>\n<\/div>\n<p><img decoding=\"async\" class=\"wpe_imgrss\" src=\"https:\/\/tecnobitt.com\/wp-content\/uploads\/2023\/04\/sistelec-proveera-la-red-de-comunicaciones-digital-para-la-seguridad-y-emergencias-en-andalucia-1024x683.jpg\"><\/p>\n<p><img decoding=\"async\" class=\"wpe_imgrss\" src=\"https:\/\/diarioemprendedor.com\/wp-content\/uploads\/2023\/04\/sistelec-proveera-la-red-de-comunicaciones-digital-para-la-seguridad-y-emergencias-en-andalucia-1024x683-1-768x512.jpg\"><\/p>\n","protected":false},"excerpt":{"rendered":"Sistelec proveer\u00e1 la Red de Comunicaciones Digital para la seguridad y emergencias en Andaluc\u00eda Sistelec proveer\u00e1 la Red&hellip;","protected":false},"author":2,"featured_media":38714,"comment_status":"closed","ping_status":"closed","sticky":false,"template":"","format":"standard","meta":{"csco_display_header_overlay":false,"csco_singular_sidebar":"","csco_page_header_type":"","csco_page_load_nextpost":"","csco_post_video_location":[],"csco_post_video_location_hash":"","csco_post_video_url":"","csco_post_video_bg_start_time":0,"csco_post_video_bg_end_time":0,"footnotes":""},"categories":[554,426,762,729,427,763,764,765,466,766],"tags":[114],"class_list":["post-38713","post","type-post","status-publish","format-standard","has-post-thumbnail","category-actualidad","category-destacado","category-ecocistema","category-entrevistas","category-featured","category-inversiones","category-noticia","category-noticias","category-startups","category-venture-capital","tag-destacado","cs-entry","cs-video-wrap"],"_links":{"self":[{"href":"https:\/\/iberopress.es\/index.php\/wp-json\/wp\/v2\/posts\/38713","targetHints":{"allow":["GET"]}}],"collection":[{"href":"https:\/\/iberopress.es\/index.php\/wp-json\/wp\/v2\/posts"}],"about":[{"href":"https:\/\/iberopress.es\/index.php\/wp-json\/wp\/v2\/types\/post"}],"author":[{"embeddable":true,"href":"https:\/\/iberopress.es\/index.php\/wp-json\/wp\/v2\/users\/2"}],"replies":[{"embeddable":true,"href":"https:\/\/iberopress.es\/index.php\/wp-json\/wp\/v2\/comments?post=38713"}],"version-history":[{"count":0,"href":"https:\/\/iberopress.es\/index.php\/wp-json\/wp\/v2\/posts\/38713\/revisions"}],"wp:featuredmedia":[{"embeddable":true,"href":"https:\/\/iberopress.es\/index.php\/wp-json\/wp\/v2\/media\/38714"}],"wp:attachment":[{"href":"https:\/\/iberopress.es\/index.php\/wp-json\/wp\/v2\/media?parent=38713"}],"wp:term":[{"taxonomy":"category","embeddable":true,"href":"https:\/\/iberopress.es\/index.php\/wp-json\/wp\/v2\/categories?post=38713"},{"taxonomy":"post_tag","embeddable":true,"href":"https:\/\/iberopress.es\/index.php\/wp-json\/wp\/v2\/tags?post=38713"}],"curies":[{"name":"wp","href":"https:\/\/api.w.org\/{rel}","templated":true}]}}