{"id":38697,"date":"2023-04-13T19:20:11","date_gmt":"2023-04-13T19:20:11","guid":{"rendered":"https:\/\/iberopress.es\/index.php\/2023\/04\/13\/sobre-los-incentivos-a-la-contratacion-laboral-en-2023-por-tu-asesoria-en-la-nube\/"},"modified":"2023-04-13T19:20:11","modified_gmt":"2023-04-13T19:20:11","slug":"sobre-los-incentivos-a-la-contratacion-laboral-en-2023-por-tu-asesoria-en-la-nube","status":"publish","type":"post","link":"https:\/\/iberopress.es\/index.php\/2023\/04\/13\/sobre-los-incentivos-a-la-contratacion-laboral-en-2023-por-tu-asesoria-en-la-nube\/","title":{"rendered":"Sobre los incentivos a la contrataci\u00f3n laboral en 2023, por Tu Asesor\u00eda en la Nube"},"content":{"rendered":"<p>Sobre los incentivos a la contrataci\u00f3n laboral en 2023, por Tu Asesor\u00eda en la Nube<\/p>\n<p>Sobre los incentivos a la contrataci\u00f3n laboral en 2023, por Tu Asesor\u00eda en la Nube<\/p>\n<div>\n<p>26.607 empresas espa\u00f1olas cerraron en 2022, un r\u00e9cord hist\u00f3rico que super\u00f3 en un 10% la cifra de 2021. En ese dif\u00edcil contexto, el Gobierno de Espa\u00f1a realiz\u00f3 modificaciones en el r\u00e9gimen de incentivos a la contrataci\u00f3n laboral que entrar\u00e1n a regir en septiembre de 2023, como una medida para apoyar a los aut\u00f3nomos y las pymes, y hacer m\u00e1s sostenibles sus operaciones y la generaci\u00f3n de empleo.<\/p>\n<p>Teniendo en cuenta la importancia de este tema, <a href=\"https:\/\/tuasesoriaenlanube.es\/nominas-online\/\" rel=\"noreferrer\">Tu Asesor\u00eda en la Nube<\/a> aclara en qu\u00e9 consisten los <a href=\"https:\/\/tuasesoriaenlanube.es\/incentivos-a-la-contratacion-laboral-en-2023\/\" rel=\"noreferrer\">incentivos a la contrataci\u00f3n laboral en 2023<\/a>.<\/p>\n<h2 id=\"incentivos-para-una-contratacion-estable-e-inclusiva\">Incentivos para una contrataci\u00f3n estable e inclusiva<\/h2>\n<p>Uno de los mayores desaf\u00edos para los aut\u00f3nomos y las peque\u00f1as y medianas empresas (pymes) es la vinculaci\u00f3n de trabajadores en condiciones estables e inclusivas. Por ello, los nuevos incentivos a la contrataci\u00f3n laboral buscan<strong> favorecer la creaci\u00f3n de contratos indefinidos y tambi\u00e9n establecer bonificaciones para la incorporaci\u00f3n de personas que formen parte de grupos en situaci\u00f3n de vulnerabilidad o tengan dificultades para acceder al mercado laboral.<\/strong><\/p>\n<p>En primer lugar, se estableci\u00f3 una subvenci\u00f3n de 275 euros al mes durante los primeros tres a\u00f1os para la contrataci\u00f3n de personas j\u00f3venes menores de 30 a\u00f1os beneficiarias del Sistema de Garant\u00eda Juvenil que tengan baja cualificaci\u00f3n.<\/p>\n<p>Por otro lado, se brindar\u00e1 una bonificaci\u00f3n de hasta tres a\u00f1os de 110 euros al mes para la incorporaci\u00f3n de hombres menores de 45 a\u00f1os y de 128 euros al mes para las mujeres o personas mayores de esta edad, todo esto bajo la condici\u00f3n de que dichas personas se encuentran en situaci\u00f3n de desempleo de larga duraci\u00f3n.<\/p>\n<p>Con el objetivo de apoyar la contrataci\u00f3n de personas en situaci\u00f3n de vulnerabilidad, se entregar\u00e1 una bonificaci\u00f3n de 128 euros al mes hasta durante cuatro a\u00f1os por la incorporaci\u00f3n de personas con discapacidad intelectual m\u00ednima, mujeres v\u00edctimas de violencia de g\u00e9nero, aquellos que hayan sufrido los impactos del terrorismo o personas en situaci\u00f3n de exclusi\u00f3n social.<\/p>\n<p>Por \u00faltimo, se ofrecer\u00e1 una bonificaci\u00f3n de 38 euros al mes para aquellas contrataciones indefinidas a personas socias en una cooperativa o sociedad laboral que realice formaci\u00f3n pr\u00e1ctica en empresas, como una manera de fomentar la formaci\u00f3n y el emprendimiento entre los trabajadores.<\/p>\n<p>Es importante tener en cuenta que todas estas bonificaciones son aplicables solo en el caso de <strong>contrataciones indefinidas<\/strong>, ya que, para otro tipo de contrataciones, se han dispuesto otras bonificaciones.<\/p>\n<h2 id=\"asesoria-para-optimizar-la-contratacion-y-otros-procesos\">Asesor\u00eda para optimizar la contrataci\u00f3n y otros procesos<\/h2>\n<p>Ante cualquier duda que pueda surgir en este tipo de procesos se puede acudir a Tu Asesor\u00eda en la Nube. Esta empresa ha ayudado a m\u00e1s de 1.000 empresas a\u00a0optimizar sus gestiones a trav\u00e9s de su servicio de asesor\u00eda <em>online <\/em>en temas contables, tributarios, fiscales, mercantiles, de seguridad social y de n\u00f3minas. Por ello, Tu Asesor\u00eda en la Nube es una excelente alternativa para que las pymes y aut\u00f3nomos de Espa\u00f1a puedan aprovechar de manera correcta los incentivos mencionados y mejorar sus procesos empresariales.<\/p>\n<p>The post <a rel=\"nofollow\" href=\"https:\/\/tecnobitt.com\/sobre-los-incentivos-a-la-contratacion-laboral-en-2023-por-tu-asesoria-en-la-nube\/\">Sobre los incentivos a la contrataci\u00f3n laboral en 2023, por Tu Asesor\u00eda en la Nube<\/a> appeared first on <a rel=\"nofollow\" href=\"https:\/\/tecnobitt.com\/\">TecnoBitt :- Un bit de tecnolog\u00eda diaria<\/a>.<\/p>\n<\/div>\n<p><img decoding=\"async\" class=\"wpe_imgrss\" src=\"https:\/\/tecnobitt.com\/wp-content\/uploads\/2023\/04\/img_056ef4ce594e404ae0f0c7cac28b4f5d.jpg\"><\/p>\n<p><img decoding=\"async\" class=\"wpe_imgrss\" src=\"https:\/\/diarioemprendedor.com\/wp-content\/uploads\/2023\/04\/img_056ef4ce594e404ae0f0c7cac28b4f5d.jpg\"><\/p>\n","protected":false},"excerpt":{"rendered":"Sobre los incentivos a la contrataci\u00f3n laboral en 2023, por Tu Asesor\u00eda en la Nube Sobre los incentivos&hellip;","protected":false},"author":2,"featured_media":38698,"comment_status":"closed","ping_status":"closed","sticky":false,"template":"","format":"standard","meta":{"csco_display_header_overlay":false,"csco_singular_sidebar":"","csco_page_header_type":"","csco_page_load_nextpost":"","csco_post_video_location":[],"csco_post_video_location_hash":"","csco_post_video_url":"","csco_post_video_bg_start_time":0,"csco_post_video_bg_end_time":0,"footnotes":""},"categories":[554,426,762,729,427,763,764,765,466,766],"tags":[114],"class_list":["post-38697","post","type-post","status-publish","format-standard","has-post-thumbnail","category-actualidad","category-destacado","category-ecocistema","category-entrevistas","category-featured","category-inversiones","category-noticia","category-noticias","category-startups","category-venture-capital","tag-destacado","cs-entry","cs-video-wrap"],"_links":{"self":[{"href":"https:\/\/iberopress.es\/index.php\/wp-json\/wp\/v2\/posts\/38697","targetHints":{"allow":["GET"]}}],"collection":[{"href":"https:\/\/iberopress.es\/index.php\/wp-json\/wp\/v2\/posts"}],"about":[{"href":"https:\/\/iberopress.es\/index.php\/wp-json\/wp\/v2\/types\/post"}],"author":[{"embeddable":true,"href":"https:\/\/iberopress.es\/index.php\/wp-json\/wp\/v2\/users\/2"}],"replies":[{"embeddable":true,"href":"https:\/\/iberopress.es\/index.php\/wp-json\/wp\/v2\/comments?post=38697"}],"version-history":[{"count":0,"href":"https:\/\/iberopress.es\/index.php\/wp-json\/wp\/v2\/posts\/38697\/revisions"}],"wp:featuredmedia":[{"embeddable":true,"href":"https:\/\/iberopress.es\/index.php\/wp-json\/wp\/v2\/media\/38698"}],"wp:attachment":[{"href":"https:\/\/iberopress.es\/index.php\/wp-json\/wp\/v2\/media?parent=38697"}],"wp:term":[{"taxonomy":"category","embeddable":true,"href":"https:\/\/iberopress.es\/index.php\/wp-json\/wp\/v2\/categories?post=38697"},{"taxonomy":"post_tag","embeddable":true,"href":"https:\/\/iberopress.es\/index.php\/wp-json\/wp\/v2\/tags?post=38697"}],"curies":[{"name":"wp","href":"https:\/\/api.w.org\/{rel}","templated":true}]}}