{"id":38687,"date":"2023-04-13T18:25:25","date_gmt":"2023-04-13T18:25:25","guid":{"rendered":"https:\/\/iberopress.es\/index.php\/2023\/04\/13\/los-jaleo-presentan-su-primer-trabajo-el-duelo\/"},"modified":"2023-04-13T18:25:25","modified_gmt":"2023-04-13T18:25:25","slug":"los-jaleo-presentan-su-primer-trabajo-el-duelo","status":"publish","type":"post","link":"https:\/\/iberopress.es\/index.php\/2023\/04\/13\/los-jaleo-presentan-su-primer-trabajo-el-duelo\/","title":{"rendered":"Los Jaleo presentan su primer trabajo \u2018El Duelo\u2019"},"content":{"rendered":"<p>Los Jaleo presentan su primer trabajo \u2018El Duelo\u2019<\/p>\n<p>Los Jaleo presentan su primer trabajo \u2018El Duelo\u2019<\/p>\n<div>\n<p><strong><em>El Duelo<\/em><\/strong> es el esperad\u00edsimo primer trabajo de<strong> <\/strong><a href=\"https:\/\/www.promosapiens.net\/grupos-en-promoci%C3%B3n-promosapiens\/los-jaleo\/?logout=1\" rel=\"noreferrer\"><strong>Los Jaleo<\/strong><\/a> editado por <strong>Clifford Records<\/strong>, disponible en las principales plataformas digitales desde el<strong> 14 de abril<\/strong>. Los madrile\u00f1os han elegido los estudios Fonorraptor de Madrid para grabar este primer \u00e1lbum. De la mano de <strong>Antonio Arias Astray<\/strong> (productor), la banda aborda ese estilo folcl\u00f3rico-rockero que ven\u00eda defendiendo desde su nacimiento con sus dos <em>singles <\/em>de adelanto: <em>Solo por Tu Querer<\/em>,<em> <\/em>que habla de los sentimientos que nacen en las entra\u00f1as cuando se afronta el \u00faltimo de los estados del querer, el desamor, y <strong><em>Reina M\u00eda<\/em><\/strong>, una rumba rockera que cuenta la historia sobre una \u201csalida del armario\u201d.<\/p>\n<p><strong><em>El Duelo<\/em><\/strong> se presentar\u00e1 el <strong>22 de abril <\/strong>en la madrile\u00f1a sala <strong>Rock Palace<\/strong>.<\/p>\n<p><strong><em>El Duelo<\/em><\/strong><em> <\/em>es una potent\u00edsima primera declaraci\u00f3n de intenciones, un absoluto ejercicio de sinceridad consigo mismos que se presenta como una necesidad urgente para la escena. Los Jaleo est\u00e1n fuertemente convencidos de los azares y v\u00edas creativas que se abren con la fusi\u00f3n de estilos, mirar hacia lo tradicional desde su devoci\u00f3n m\u00e1s sincera: el Rock and Roll.<\/p>\n<p>Las letras de este primer trabajo bucean en los mares personales de estos cuatro m\u00fasicos. El desamor, las propias experiencias vitales de identidad, la locura y supervivencia interior de uno mismo o el reclamo del querer son algunos de los temas que centran su tiro en este primer trabajo. Todo ello se enreda en una amalgama de sus estilos favoritos: Rock and Roll, Neo Swing, Psychobilly, Copla, Canci\u00f3n de ra\u00edz Hispanoamericana\u2026<\/p>\n<p>Este EP est\u00e1 compuesto por cinco canciones, en las que adem\u00e1s se incluye la revisi\u00f3n sobre la popular canci\u00f3n de<strong> Federico Garc\u00eda Lorca, <em>Anda Jaleo<\/em><\/strong>.<\/p>\n<p><strong><em>El Duelo<\/em><\/strong> <em>tracklist <\/em>est\u00e1 formado por <em>Solo por Tu Querer, No Hay Amor, Psycho, Reina M\u00eda y Anda Jaleo.<\/em><\/p>\n<p><strong>Los Jaleo<\/strong> est\u00e1 formado por cuatro m\u00fasicos que apuestan por la fusi\u00f3n del rock con las m\u00fasicas del folclore hispano y americano. Su objetivo es reivindicar la m\u00fasica de ra\u00edces extra\u00f1amente olvidadas de las melod\u00edas del Folclore Castellano, Flamenco e incluso Latinoamericano a ritmo de Rock and Roll, Surf o Psychobilly. Creen que la esencia de \u201cJaleo\u201d se encuentra en demostrarle al gran p\u00fablico como la Cumbia, la Copla o los Pasodobles pueden encontrarse con melod\u00edas t\u00edpicas del Spaguetti Western de Morricone. Se han propuesto modernizar cl\u00e1sicos, mezclar culturas y ofrecer frescura mezclada con \u201clo de siempre\u201d. Como ellos mismos dicen: \u201cMojar churros en Coca-cola\u201d.<\/p>\n<p>La empresa de <strong>promoci\u00f3n musical <\/strong><a href=\"https:\/\/www.promosapiens.net\/\" rel=\"noreferrer\"><strong>PROMOSAPIENS<\/strong><\/a> trabaja en la comunicaci\u00f3n del primer trabajo de<strong> Los Jaleo<\/strong>.<\/p>\n<p>The post <a rel=\"nofollow\" href=\"https:\/\/tecnobitt.com\/los-jaleo-presentan-su-primer-trabajo-el-duelo\/\">Los Jaleo presentan su primer trabajo \u2018El Duelo\u2019<\/a> appeared first on <a rel=\"nofollow\" href=\"https:\/\/tecnobitt.com\/\">TecnoBitt :- Un bit de tecnolog\u00eda diaria<\/a>.<\/p>\n<\/div>\n<p><img decoding=\"async\" class=\"wpe_imgrss\" src=\"https:\/\/tecnobitt.com\/wp-content\/uploads\/2023\/04\/img_5c4421eff0b85118ff7e22d6e4c9dd86.jpg\"><\/p>\n<p><img decoding=\"async\" class=\"wpe_imgrss\" src=\"https:\/\/diarioemprendedor.com\/wp-content\/uploads\/2023\/04\/img_5c4421eff0b85118ff7e22d6e4c9dd86.jpg\"><\/p>\n","protected":false},"excerpt":{"rendered":"Los Jaleo presentan su primer trabajo \u2018El Duelo\u2019 Los Jaleo presentan su primer trabajo \u2018El Duelo\u2019 El Duelo&hellip;","protected":false},"author":2,"featured_media":38688,"comment_status":"closed","ping_status":"closed","sticky":false,"template":"","format":"standard","meta":{"csco_display_header_overlay":false,"csco_singular_sidebar":"","csco_page_header_type":"","csco_page_load_nextpost":"","csco_post_video_location":[],"csco_post_video_location_hash":"","csco_post_video_url":"","csco_post_video_bg_start_time":0,"csco_post_video_bg_end_time":0,"footnotes":""},"categories":[554,426,762,729,427,763,764,765,466,766],"tags":[114],"class_list":["post-38687","post","type-post","status-publish","format-standard","has-post-thumbnail","category-actualidad","category-destacado","category-ecocistema","category-entrevistas","category-featured","category-inversiones","category-noticia","category-noticias","category-startups","category-venture-capital","tag-destacado","cs-entry","cs-video-wrap"],"_links":{"self":[{"href":"https:\/\/iberopress.es\/index.php\/wp-json\/wp\/v2\/posts\/38687","targetHints":{"allow":["GET"]}}],"collection":[{"href":"https:\/\/iberopress.es\/index.php\/wp-json\/wp\/v2\/posts"}],"about":[{"href":"https:\/\/iberopress.es\/index.php\/wp-json\/wp\/v2\/types\/post"}],"author":[{"embeddable":true,"href":"https:\/\/iberopress.es\/index.php\/wp-json\/wp\/v2\/users\/2"}],"replies":[{"embeddable":true,"href":"https:\/\/iberopress.es\/index.php\/wp-json\/wp\/v2\/comments?post=38687"}],"version-history":[{"count":0,"href":"https:\/\/iberopress.es\/index.php\/wp-json\/wp\/v2\/posts\/38687\/revisions"}],"wp:featuredmedia":[{"embeddable":true,"href":"https:\/\/iberopress.es\/index.php\/wp-json\/wp\/v2\/media\/38688"}],"wp:attachment":[{"href":"https:\/\/iberopress.es\/index.php\/wp-json\/wp\/v2\/media?parent=38687"}],"wp:term":[{"taxonomy":"category","embeddable":true,"href":"https:\/\/iberopress.es\/index.php\/wp-json\/wp\/v2\/categories?post=38687"},{"taxonomy":"post_tag","embeddable":true,"href":"https:\/\/iberopress.es\/index.php\/wp-json\/wp\/v2\/tags?post=38687"}],"curies":[{"name":"wp","href":"https:\/\/api.w.org\/{rel}","templated":true}]}}