{"id":38683,"date":"2023-04-13T18:05:30","date_gmt":"2023-04-13T18:05:30","guid":{"rendered":"https:\/\/iberopress.es\/index.php\/2023\/04\/13\/el-autor-carlos-arroyos-publica-su-libro-las-raices-de-goya-que-coincide-con-el-275-aniversario-de-su-nacimiento-en-1746\/"},"modified":"2023-04-13T18:05:30","modified_gmt":"2023-04-13T18:05:30","slug":"el-autor-carlos-arroyos-publica-su-libro-las-raices-de-goya-que-coincide-con-el-275-aniversario-de-su-nacimiento-en-1746","status":"publish","type":"post","link":"https:\/\/iberopress.es\/index.php\/2023\/04\/13\/el-autor-carlos-arroyos-publica-su-libro-las-raices-de-goya-que-coincide-con-el-275-aniversario-de-su-nacimiento-en-1746\/","title":{"rendered":"El autor Carlos Arroyos publica su libro \u2018Las ra\u00edces de Goya\u2019, que coincide con el 275 aniversario de su nacimiento en 1746"},"content":{"rendered":"<p>El autor Carlos Arroyos publica su libro \u2018Las ra\u00edces de Goya\u2019, que coincide con el 275 aniversario de su nacimiento en 1746<\/p>\n<p>El autor Carlos Arroyos publica su libro \u2018Las ra\u00edces de Goya\u2019, que coincide con el 275 aniversario de su nacimiento en 1746<\/p>\n<div>\n<p><strong>Se trata del primer libro que narra de forma detallada la vida del artista en Fuendetodos y Zaragoza y c\u00f3mo esto influy\u00f3 en su forma de ver el mundo y, por ende, en sus obras.\u00a0<\/strong><\/p>\n<p>C\u00cdRCULO ROJO.- Este a\u00f1o coincide con el 275 aniversario del nacimiento de Goya y el mundo entero se ha preparado para celebrarlo. Empezando por la muestra del Metropolitan Museum de Nueva York Goya\u2019s Graphic Imagination, en la que se han organizado infinidad de actos para celebrar este d\u00eda. Sin embargo, no existe ning\u00fan libro hasta la fecha que cuente de forma rigurosa la procedencia de Goya. Por ello, el aragon\u00e9s Carlos Arroyos se ha decidido a publicar \u2018<a href=\"https:\/\/www.editorialcirculorojo.com\/\" rel=\"noreferrer\">Las ra\u00edces de Goya<\/a>\u2019.\u00a0<\/p>\n<p>Este autor se ha inspirado en su conocimiento de Fuendetodos, lugar de nacimiento del artista, y sobre Zaragoza, ciudad en la que vivi\u00f3 al igual que lo hizo el ilustre pintor durante 16 a\u00f1os.\u00a0<\/p>\n<p>Publicada en <a href=\"https:\/\/www.editorialcirculorojo.com\/\" rel=\"noreferrer\">C\u00edrculo Rojo Grupo Editorial<\/a>, el lector va a encontra<strong>r dos partes diferenciadas. <\/strong>Por un lado, <strong>el estudio de Goya como persona;<\/strong> su formaci\u00f3n humana y la aspiraci\u00f3n para realizar su yo orientado a alcanzar la celebridad y la felicidad. Su empat\u00eda, la cual le permiti\u00f3 hacer amigos en todos los estratos sociales. As\u00ed como <strong>una extensa referencia a sus cuadros ligados a las diferentes etapas de estos primeros a\u00f1os de su vida<\/strong>, en Fuendetodos, donde vio de cerca a su primer maestro, la naturaleza, reflejada en los cartones para tapices sobre las estaciones del a\u00f1o. O los retratos de sus amigos toreros que conoci\u00f3 en Zaragoza, como Pedro Romero, o de las bellas actrices que actuaban en la Casa de Comedias, como la Tirana.<\/p>\n<h3 id=\"sinopsis\">Sinopsis<\/h3>\n<p>En este libro se describen las <strong>vivencias de Goya en Arag\u00f3n,<\/strong> de las que nacieron las ra\u00edces que dieron vida a su alma e inteligencia.\u00a0<\/p>\n<p>Goya naci\u00f3 en 1746 en Fuendetodos, peque\u00f1o pueblo de la provincia de Zaragoza, donde vivi\u00f3 un ambiente rural y familiar, disfrut\u00f3 del paisaje, de variado colorido seg\u00fan las estaciones del a\u00f1o, y particip\u00f3 en las frecuentes fiestas y ceremonias tradicionales. En las puertas del armario de las reliquias de la Iglesia pint\u00f3 la aparici\u00f3n de la Virgen Mar\u00eda al Ap\u00f3stol Santiago.<\/p>\n<p>Al cumplir los trece a\u00f1os, su familia se traslad\u00f3 a Zaragoza, ciudad que ofrec\u00eda una intensa actividad econ\u00f3mica, social y cultural, y en la que hizo numerosos amigos. Comenz\u00f3 su formaci\u00f3n en la academia de dibujo del pintor Luz\u00e1n y tuvo una intensa actividad pict\u00f3rica. Se aficion\u00f3 a las corridas de toros, asisti\u00f3 a obras de teatro en las que actuaban conocidas y bellas actrices, como La Tirana, a las que retrat\u00f3, y frecuent\u00f3 tabernas donde se cantaba y bailaba hasta altas horas de la madrugada.\u00a0<\/p>\n<p>A los veintinueve a\u00f1os, ya casado, se traslad\u00f3 a Madrid para dibujar cartones en la Real F\u00e1brica de Tapices, dirigida por el pintor alem\u00e1n Raphael Mengs. Por su parte, Marga, Carmen y Marisa, las otras protagonistas, experimentan sus propios \u00e9xitos y fracasos, sus divorcios, sus hijos y sus medias verdades, pero en ning\u00fan caso se enfrentan a una situaci\u00f3n tan dram\u00e1tica como la de Montse.\u00a0<\/p>\n<h3 id=\"autor\">Autor<\/h3>\n<p>Carlos Arroyos naci\u00f3 en Barbastro (Huesca), est\u00e1 casado y tiene tres hijos. Su ni\u00f1ez e infancia transcurrieron en peque\u00f1os pueblos aragoneses, donde siguen en vigor gran parte de los usos y costumbres de los territorios que pertenecieron a la Corona de Arag\u00f3n.<\/p>\n<p>Estudi\u00f3 el bachillerato en el Instituto Antonio Machado de Soria y se doctor\u00f3 como Ingeniero Agr\u00f3nomo en la Universidad Polit\u00e9cnica de Madrid. Trabaj\u00f3 en el Iryda en Zaragoza, donde realiz\u00f3 la ordenaci\u00f3n de explotaciones agr\u00edcolas de S\u00e1stago, pueblo pr\u00f3ximo al del nacimiento de Goya, Fuendetodos, y particip\u00f3 en la ampliaci\u00f3n de las zonas regables del Valle del Ebro.\u00a0<\/p>\n<p>Funcionario de la Comisi\u00f3n Europea en Bruselas, se ocup\u00f3 de temas relacionados con el desarrollo rural sostenible, las cooperativas y la interprofesi\u00f3n agraria.\u00a0<\/p>\n<p>Es autor y ha publicado<strong> numerosas conferencias y libros en Espa\u00f1a y otros pa\u00edses de la Uni\u00f3n Europea<\/strong>. Posee una colecci\u00f3n de m\u00e1s de 600 libros sobre Francisco de Goya, lo que ha sido una de las razones que le motiv\u00f3 para escribir este libro en el 275 aniversario del nacimiento del genial y universal pintor.<\/p>\n<p>The post <a rel=\"nofollow\" href=\"https:\/\/tecnobitt.com\/el-autor-carlos-arroyos-publica-su-libro-las-raices-de-goya-que-coincide-con-el-275-aniversario-de-su-nacimiento-en-1746\/\">El autor Carlos Arroyos publica su libro \u2018Las ra\u00edces de Goya\u2019, que coincide con el 275 aniversario de su nacimiento en 1746<\/a> appeared first on <a rel=\"nofollow\" href=\"https:\/\/tecnobitt.com\/\">TecnoBitt :- Un bit de tecnolog\u00eda diaria<\/a>.<\/p>\n<\/div>\n<p><img decoding=\"async\" class=\"wpe_imgrss\" src=\"https:\/\/tecnobitt.com\/wp-content\/uploads\/2023\/04\/img_2cf3bff8d3faceb7f3423b259d8663bf.jpg\"><\/p>\n<p><img decoding=\"async\" class=\"wpe_imgrss\" src=\"https:\/\/diarioemprendedor.com\/wp-content\/uploads\/2023\/04\/img_2cf3bff8d3faceb7f3423b259d8663bf.jpg\"><\/p>\n","protected":false},"excerpt":{"rendered":"El autor Carlos Arroyos publica su libro \u2018Las ra\u00edces de Goya\u2019, que coincide con el 275 aniversario de&hellip;","protected":false},"author":2,"featured_media":38684,"comment_status":"closed","ping_status":"closed","sticky":false,"template":"","format":"standard","meta":{"csco_display_header_overlay":false,"csco_singular_sidebar":"","csco_page_header_type":"","csco_page_load_nextpost":"","csco_post_video_location":[],"csco_post_video_location_hash":"","csco_post_video_url":"","csco_post_video_bg_start_time":0,"csco_post_video_bg_end_time":0,"footnotes":""},"categories":[554,426,762,729,427,763,764,765,466,766],"tags":[114],"class_list":["post-38683","post","type-post","status-publish","format-standard","has-post-thumbnail","category-actualidad","category-destacado","category-ecocistema","category-entrevistas","category-featured","category-inversiones","category-noticia","category-noticias","category-startups","category-venture-capital","tag-destacado","cs-entry","cs-video-wrap"],"_links":{"self":[{"href":"https:\/\/iberopress.es\/index.php\/wp-json\/wp\/v2\/posts\/38683","targetHints":{"allow":["GET"]}}],"collection":[{"href":"https:\/\/iberopress.es\/index.php\/wp-json\/wp\/v2\/posts"}],"about":[{"href":"https:\/\/iberopress.es\/index.php\/wp-json\/wp\/v2\/types\/post"}],"author":[{"embeddable":true,"href":"https:\/\/iberopress.es\/index.php\/wp-json\/wp\/v2\/users\/2"}],"replies":[{"embeddable":true,"href":"https:\/\/iberopress.es\/index.php\/wp-json\/wp\/v2\/comments?post=38683"}],"version-history":[{"count":0,"href":"https:\/\/iberopress.es\/index.php\/wp-json\/wp\/v2\/posts\/38683\/revisions"}],"wp:featuredmedia":[{"embeddable":true,"href":"https:\/\/iberopress.es\/index.php\/wp-json\/wp\/v2\/media\/38684"}],"wp:attachment":[{"href":"https:\/\/iberopress.es\/index.php\/wp-json\/wp\/v2\/media?parent=38683"}],"wp:term":[{"taxonomy":"category","embeddable":true,"href":"https:\/\/iberopress.es\/index.php\/wp-json\/wp\/v2\/categories?post=38683"},{"taxonomy":"post_tag","embeddable":true,"href":"https:\/\/iberopress.es\/index.php\/wp-json\/wp\/v2\/tags?post=38683"}],"curies":[{"name":"wp","href":"https:\/\/api.w.org\/{rel}","templated":true}]}}