{"id":38681,"date":"2023-04-13T17:26:13","date_gmt":"2023-04-13T17:26:13","guid":{"rendered":"https:\/\/iberopress.es\/index.php\/2023\/04\/13\/eave-lleva-a-la-castellana-su-propuesta-de-cargadores-inteligentes-junto-con-el-grupo-mbl\/"},"modified":"2023-04-13T17:26:13","modified_gmt":"2023-04-13T17:26:13","slug":"eave-lleva-a-la-castellana-su-propuesta-de-cargadores-inteligentes-junto-con-el-grupo-mbl","status":"publish","type":"post","link":"https:\/\/iberopress.es\/index.php\/2023\/04\/13\/eave-lleva-a-la-castellana-su-propuesta-de-cargadores-inteligentes-junto-con-el-grupo-mbl\/","title":{"rendered":"EAVE lleva a la Castellana su propuesta de cargadores inteligentes junto con el grupo MBL"},"content":{"rendered":"<p>EAVE lleva a la Castellana su propuesta de cargadores inteligentes junto con el grupo MBL<\/p>\n<p>EAVE lleva a la Castellana su propuesta de cargadores inteligentes junto con el grupo MBL<\/p>\n<div>\n<p>\/COMUNICAE\/ <\/p>\n<p><a href=\"https:\/\/static.comunicae.com\/photos\/notas\/1244962\/1.jpeg\" target=\"_blank\" class=\"fotonota\" rel=\"noopener\"> <img decoding=\"async\" src=\"https:\/\/static.comunicae.com\/photos\/notas\/1244962\/1.jpeg\" border=\"0\" class=\"postImage\" alt=\"EAVE lleva a la Castellana su propuesta de cargadores inteligentes junto con el grupo MBL \"><\/a><\/p>\n<p>Los d\u00edas 19, 20 y 21 de abril se reunir\u00e1n en El Corte Ingl\u00e9s de Nuevos Ministerios MBL y la startup energ\u00e9tica EAVE para que los usuarios puedan conocer en profundidad las caracter\u00edsticas sobre los veh\u00edculos el\u00e9ctricos e h\u00edbridos. 200 veh\u00edculos el\u00e9ctricos (Mercedes Benz y Smart) estar\u00e1n a disposici\u00f3n de los asistentes. El equipo especializado de EAVE estar\u00e1 presente para brindar informaci\u00f3n detallada sobre las soluciones energ\u00e9ticas y la infraestructura necesaria para una carga \u00f3ptima<\/p>\n<p>Los d\u00edas 19, 20 y 21 de abril, de 9 a 20h, se reunir\u00e1n en el parking exterior de El Corte Ingl\u00e9s de Nuevos Ministerios el equipo especializado de MBL Centro, concesionarios oficiales de Mercedes Benz y Smart en Madrid, y <a href=\"https:\/\/eave.es\/\" rel=\"nofollow\">EAVE<\/a>, empresa\u00a0especializada en cargadores inteligentes para veh\u00edculos el\u00e9ctricos e instaladora de energ\u00eda fotovoltaica para autoconsumo. All\u00ed dar\u00e1n respuesta a las principales inc\u00f3gnitas que giran en torno a los coches el\u00e9ctricos e h\u00edbridos y se brindar\u00e1 informaci\u00f3n detallada sobre los beneficios y caracter\u00edsticas de estos autom\u00f3viles.<\/p>\n<p>Este evento gratuito y sin inscripci\u00f3n contar\u00e1 con 200 coches el\u00e9ctricos e h\u00edbridos de Mercedes Benz y Smart para que los usuarios puedan conocer sus caracter\u00edsticas (autonom\u00eda, potencia, velocidad de carga, subvenciones, etc..), probar los veh\u00edculos e incluso interactuar con los cargadores o comprobar in situ c\u00f3mo cargarlo directamente desde unos paneles solares.<\/p>\n<p>Los resultados de las encuestas realizadas por Roland Berger se\u00f1alan que el 63% de los conductores espa\u00f1oles quieren adquirir un veh\u00edculo el\u00e9ctrico. Del mismo modo, cabe destacar que seg\u00fan BBVA Research, en Europa, en 2030, la cuota de mercado de este tipo de autom\u00f3viles ser\u00e1 de un 55% y en 2035 llegar\u00e1 hasta el 84%.\u00a0Sin embargo, sigue habiendo una gran cantidad de dudas que giran en torno a la movilidad sostenible y dificultan la toma de decisi\u00f3n de posibles compradores. Algunas de ellas son la escasa infraestructura de recarga, la autonom\u00eda de este tipo de autom\u00f3vil, la vida \u00fatil de la bater\u00eda, etc.<\/p>\n<p>Este evento es una\u00a0gran oportunidad para aquellas personas que est\u00e9n pensando adquirir un coche el\u00e9ctrico o h\u00edbrido, ya que el equipo experto de EAVE tiene como objetivo solventar las dudas y dificultades que puedan llegar a tener los consumidores a la hora de comprar este tipo de producto. Adem\u00e1s, con la compra de cada veh\u00edculo se obsequiar\u00e1 de manera gratuita con un cargador inteligente Wallbox.<\/p>\n<p><strong>EAVE, WALLBOX Y MBL<\/strong><br \/><a href=\"https:\/\/eave.es\/\" rel=\"nofollow\">EAVE<\/a>, consultora, suministradora e instaladora oficial de los puntos de recarga para todos los concesionarios del grupo MBL Centro, ayudar\u00e1 a los usuarios que asistan al evento a encontrar la mejor opci\u00f3n para que puedan sacar el m\u00e1ximo provecho a la experiencia de conducci\u00f3n el\u00e9ctrica, gracias a un estudio gratuito y personalizado que tendr\u00e1 en cuenta el tipo de veh\u00edculo en el que est\u00e9 interesado, la infraestructura el\u00e9ctrica de su vivienda y\u00a0los h\u00e1bitos de cada individuo, para brindar asesoramiento y soluciones a medida.<\/p>\n<p>Durante estos d\u00edas, se llevar\u00e1n a cabo una serie de <strong>actividades y workshops<\/strong> entre las que destacan: \u2018c\u00f3mo sacar el m\u00e1ximo provecho a tu equipo Wallbox\u2019, \u2018a\u00a0qu\u00e9 subvenciones puedo optar al comprar mi veh\u00edculo el\u00e9ctrico o mis paneles solares\u2019, \u2018d\u00f3nde encuentro un punto de recarga cerca\u2019 o \u2018c\u00f3mo cargo mi veh\u00edculo con energ\u00eda solar\u2019.<\/p>\n<p>Luis Linares, CEO de <a href=\"https:\/\/eave.es\/\" rel=\"nofollow\">EAVE<\/a>\u00a0se\u00f1ala que \u00abhace apenas 6 meses que abrimos nuestra tienda experiencial en Madrid y ya estamos montando eventos en mitad de la Castellana junto a grandes marcas como los Concesionarios MBL de Mercedes-Benz y Wallbox. Esto supone un gran paso adelante para nuestra empresa, ya que estamos ayudando a la sociedad a avanzar hacia un futuro m\u00e1s sostenible. Tenemos un espacio \u00fanico para mostrar nuestro compromiso con el medio ambiente y nuestra aportaci\u00f3n para facilitar la adopci\u00f3n del veh\u00edculo el\u00e9ctrico. Es hora de so\u00f1ar en grande y pensar en un futuro donde los coches el\u00e9ctricos sean una realidad y se alimenten con energ\u00edas limpias\u00bb.<\/p>\n<p class=\"mediakit\"> Fuente <a href=\"https:\/\/www.comunicae.es\/notas-de-prensa\/eave-lleva-a-la-castellana-su-propuesta-de\/\">Comunicae<\/a><\/p>\n<p><img decoding=\"async\" loading=\"lazy\" class=\"mediakit\" src=\"https:\/\/www.comunicae.es\/notificaLectura.php?tipoCanalId=75&amp;notaId=1244962\" width=\"1px\" height=\"1px\"><\/p>\n<p>The post <a rel=\"nofollow\" href=\"https:\/\/tecnobitt.com\/eave-lleva-a-la-castellana-su-propuesta-de-cargadores-inteligentes-junto-con-el-grupo-mbl\/\">EAVE lleva a la Castellana su propuesta de cargadores inteligentes junto con el grupo MBL<\/a> appeared first on <a rel=\"nofollow\" href=\"https:\/\/tecnobitt.com\/\">TecnoBitt :- Un bit de tecnolog\u00eda diaria<\/a>.<\/p>\n<\/div>\n<p><img decoding=\"async\" class=\"wpe_imgrss\" src=\"https:\/\/tecnobitt.com\/wp-content\/uploads\/2023\/04\/eave-lleva-a-la-castellana-su-propuesta-de-cargadores-inteligentes-junto-con-el-grupo-mbl-1024x768.jpg\"><\/p>\n<p><img decoding=\"async\" class=\"wpe_imgrss\" src=\"https:\/\/diarioemprendedor.com\/wp-content\/uploads\/2023\/04\/eave-lleva-a-la-castellana-su-propuesta-de-cargadores-inteligentes-junto-con-el-grupo-mbl-1024x768-1-768x576.jpg\"><\/p>\n","protected":false},"excerpt":{"rendered":"EAVE lleva a la Castellana su propuesta de cargadores inteligentes junto con el grupo MBL EAVE lleva a&hellip;","protected":false},"author":2,"featured_media":38682,"comment_status":"closed","ping_status":"closed","sticky":false,"template":"","format":"standard","meta":{"csco_display_header_overlay":false,"csco_singular_sidebar":"","csco_page_header_type":"","csco_page_load_nextpost":"","csco_post_video_location":[],"csco_post_video_location_hash":"","csco_post_video_url":"","csco_post_video_bg_start_time":0,"csco_post_video_bg_end_time":0,"footnotes":""},"categories":[554,426,762,729,427,763,28,764,765,466,766],"tags":[114],"class_list":["post-38681","post","type-post","status-publish","format-standard","has-post-thumbnail","category-actualidad","category-destacado","category-ecocistema","category-entrevistas","category-featured","category-inversiones","category-madrid","category-noticia","category-noticias","category-startups","category-venture-capital","tag-destacado","cs-entry","cs-video-wrap"],"_links":{"self":[{"href":"https:\/\/iberopress.es\/index.php\/wp-json\/wp\/v2\/posts\/38681","targetHints":{"allow":["GET"]}}],"collection":[{"href":"https:\/\/iberopress.es\/index.php\/wp-json\/wp\/v2\/posts"}],"about":[{"href":"https:\/\/iberopress.es\/index.php\/wp-json\/wp\/v2\/types\/post"}],"author":[{"embeddable":true,"href":"https:\/\/iberopress.es\/index.php\/wp-json\/wp\/v2\/users\/2"}],"replies":[{"embeddable":true,"href":"https:\/\/iberopress.es\/index.php\/wp-json\/wp\/v2\/comments?post=38681"}],"version-history":[{"count":0,"href":"https:\/\/iberopress.es\/index.php\/wp-json\/wp\/v2\/posts\/38681\/revisions"}],"wp:featuredmedia":[{"embeddable":true,"href":"https:\/\/iberopress.es\/index.php\/wp-json\/wp\/v2\/media\/38682"}],"wp:attachment":[{"href":"https:\/\/iberopress.es\/index.php\/wp-json\/wp\/v2\/media?parent=38681"}],"wp:term":[{"taxonomy":"category","embeddable":true,"href":"https:\/\/iberopress.es\/index.php\/wp-json\/wp\/v2\/categories?post=38681"},{"taxonomy":"post_tag","embeddable":true,"href":"https:\/\/iberopress.es\/index.php\/wp-json\/wp\/v2\/tags?post=38681"}],"curies":[{"name":"wp","href":"https:\/\/api.w.org\/{rel}","templated":true}]}}