{"id":38665,"date":"2023-04-13T17:25:56","date_gmt":"2023-04-13T17:25:56","guid":{"rendered":"https:\/\/iberopress.es\/index.php\/2023\/04\/13\/motonautica-manel-celebra-su-50-aniversario-como-empresa-nautica\/"},"modified":"2023-04-13T17:25:56","modified_gmt":"2023-04-13T17:25:56","slug":"motonautica-manel-celebra-su-50-aniversario-como-empresa-nautica","status":"publish","type":"post","link":"https:\/\/iberopress.es\/index.php\/2023\/04\/13\/motonautica-manel-celebra-su-50-aniversario-como-empresa-nautica\/","title":{"rendered":"Moton\u00e0utica Manel celebra su 50 aniversario como empresa n\u00e1utica"},"content":{"rendered":"<p>Moton\u00e0utica Manel celebra su 50 aniversario como empresa n\u00e1utica<\/p>\n<p>Moton\u00e0utica Manel celebra su 50 aniversario como empresa n\u00e1utica<\/p>\n<div>\n<div><\/div>\n<p>Moton\u00e0utica Manel, la empresa <a href=\"https:\/\/motonauticamanel.com\/es\/serveis\/\" rel=\"noreferrer\">n\u00e1utica<\/a> situada en Cadaqu\u00e9s, celebra su 50 aniversario ofreciendo todos los servicios n\u00e1uticos necesarios para satisfacer las necesidades de sus clientes. Especializada en la compraventa de embarcaciones nuevas y de ocasi\u00f3n, motores marinos y accesorios de calidad, <strong>la empresa cuenta con una boutique n\u00e1utica con las mejores marcas del mercado. <\/strong>Asimismo, se ocupa de ofrecer servicios integrales para el cuidado y mantenimiento de embarcaciones en la Costa Brava.<\/p>\n<p>Por otro lado, entre sus servicios destacan el <strong>invernaje, pupilaje, mantenimiento, transportes, carpinter\u00eda n\u00e1utica, reparaciones de fibra, tapicer\u00eda n\u00e1utica, pintura, asesor\u00eda n\u00e1utica y trabajos submarinos<\/strong> en colaboraci\u00f3n con M\u00e9sdemar. Adem\u00e1s, su equipo de profesionales altamente cualificados y con una amplia experiencia en el sector proporciona soluciones personalizadas para garantizar la satisfacci\u00f3n de sus clientes.<\/p>\n<h2 id=\"colaboracion-con-servicios-maritimos-mesdemar\">Colaboraci\u00f3n con Servicios Mar\u00edtimos M\u00e9sdemar<\/h2>\n<p><a href=\"https:\/\/motonauticamanel.com\/\" rel=\"noreferrer\">Moton\u00e0utica Manel<\/a> ofrece servicios integrales para embarcaciones, incluyendo inviernos y pupilaje para el mantenimiento y protecci\u00f3n durante el invierno.<\/p>\n<p>Adem\u00e1s, cuenta con<strong> servicios t\u00e9cnicos especializados en reparaci\u00f3n de embarcaciones y motores y de veh\u00edculos y elevadores para su transporte; as\u00ed como de carpinter\u00eda n\u00e1utica, reparaciones de fibra, tapicer\u00eda n\u00e1utica y pintura. <\/strong>Para ello, siempre trabaja con los mejores productos y t\u00e9cnicas del mercado.<\/p>\n<p>Por otro lado, para los propietarios de embarcaciones que necesiten asesoramiento, Moton\u00e0utica Manel cuenta con expertos en el sector que pueden ayudarles en todos los tr\u00e1mites y gestiones n\u00e1uticas necesarias, como <strong>matriculaci\u00f3n de embarcaciones, gesti\u00f3n de exploraci\u00f3n para la renovaci\u00f3n de certificados, expedici\u00f3n de titulaciones n\u00e1uticas deportiva y profesional,<\/strong> entre otros servicios.<\/p>\n<p>Por \u00faltimo, Moton\u00e0utica Manel mantiene una estrecha relaci\u00f3n de colaboraci\u00f3n con Trabajos Submarinos y Servicios Mar\u00edtimos M\u00e9sdemar. La oficina de M\u00e9sdemar se encuentra ubicada en las instalaciones de esta empresa, lo cual brinda a los propietarios de las embarcaciones la posibilidad de acceder a una amplia gama de servicios relacionados con el mar.<\/p>\n<h2 id=\"50-anos-acumulando-experiencias-en-el-sector-nautico-de-cadaques\">50 a\u00f1os acumulando experiencias en el sector n\u00e1utico de Cadaqu\u00e9s.<\/h2>\n<p>Todo empez\u00f3 en 1973 con la en\u00e9rgica y constante tenacidad de Manel Salart Reginc\u00f3s, un joven de Cadaqu\u00e9s con estudios de mec\u00e1nica. Manel abri\u00f3 un peque\u00f1o taller en Cadaqu\u00e9s para dar servicio a las embarcaciones y motores marinos de la zona. Despu\u00e9s, aprovechando el crecimiento de la flota de embarcaciones de recreo, <strong>la peque\u00f1a instalaci\u00f3n se ampli\u00f3 y dio lugar al nacimiento de Moton\u00e0utica Manel.<\/strong><\/p>\n<p>Ma LLuisa Casanovas, esposa del Sr. Manel, lider\u00f3 incasablemente el desarrollo de la empresa. Su amabilidad y empat\u00eda con el p\u00fablico impulsaron el crecimiento de MM.<\/p>\n<p>Actualmente, la empresa lleva\u00a050 a\u00f1os acumulando experiencia en el sector n\u00e1utico, siendo una de las referentes en servicios n\u00e1uticos de Cadaqu\u00e9s. Es posible afirmar que ha evolucionado durante todos estos a\u00f1os, adapt\u00e1ndose al desarrollo del mercado, as\u00ed como a las necesidades de los clientes y del entorno.\u00a0Gracias a esto, <strong>hoy tambi\u00e9n es una de las l\u00edderes en la venta y mantenimiento de embarcaciones.<\/strong><\/p>\n<p>Finalmente, es importante destacar que los clientes siempre podr\u00e1n preguntar cualquier duda, ya que para la empresa lo m\u00e1s importante es escuchar, detectar necesidades y plantear alternativas para conocer y superar las expectativas de los clientes, asegur\u00e1ndose de que realmente quedan satisfechos.<\/p>\n<p>The post <a rel=\"nofollow\" href=\"https:\/\/tecnobitt.com\/motonautica-manel-celebra-su-50-aniversario-como-empresa-nautica\/\">Moton\u00e0utica Manel celebra su 50 aniversario como empresa n\u00e1utica<\/a> appeared first on <a rel=\"nofollow\" href=\"https:\/\/tecnobitt.com\/\">TecnoBitt :- Un bit de tecnolog\u00eda diaria<\/a>.<\/p>\n<\/div>\n<p><img decoding=\"async\" class=\"wpe_imgrss\" src=\"https:\/\/tecnobitt.com\/wp-content\/uploads\/2023\/04\/motonautica-manel-celebra-su-50-aniversario-como-empresa-nautica.jpg\"><\/p>\n<p><img decoding=\"async\" class=\"wpe_imgrss\" src=\"https:\/\/diarioemprendedor.com\/wp-content\/uploads\/2023\/04\/motonautica-manel-celebra-su-50-aniversario-como-empresa-nautica-768x501.jpg\"><\/p>\n","protected":false},"excerpt":{"rendered":"Moton\u00e0utica Manel celebra su 50 aniversario como empresa n\u00e1utica Moton\u00e0utica Manel celebra su 50 aniversario como empresa n\u00e1utica&hellip;","protected":false},"author":2,"featured_media":38666,"comment_status":"closed","ping_status":"closed","sticky":false,"template":"","format":"standard","meta":{"csco_display_header_overlay":false,"csco_singular_sidebar":"","csco_page_header_type":"","csco_page_load_nextpost":"","csco_post_video_location":[],"csco_post_video_location_hash":"","csco_post_video_url":"","csco_post_video_bg_start_time":0,"csco_post_video_bg_end_time":0,"footnotes":""},"categories":[554,426,762,729,427,75,763,764,765,428,466,766],"tags":[114],"class_list":["post-38665","post","type-post","status-publish","format-standard","has-post-thumbnail","category-actualidad","category-destacado","category-ecocistema","category-entrevistas","category-featured","category-internet","category-inversiones","category-noticia","category-noticias","category-prensa","category-startups","category-venture-capital","tag-destacado","cs-entry","cs-video-wrap"],"_links":{"self":[{"href":"https:\/\/iberopress.es\/index.php\/wp-json\/wp\/v2\/posts\/38665","targetHints":{"allow":["GET"]}}],"collection":[{"href":"https:\/\/iberopress.es\/index.php\/wp-json\/wp\/v2\/posts"}],"about":[{"href":"https:\/\/iberopress.es\/index.php\/wp-json\/wp\/v2\/types\/post"}],"author":[{"embeddable":true,"href":"https:\/\/iberopress.es\/index.php\/wp-json\/wp\/v2\/users\/2"}],"replies":[{"embeddable":true,"href":"https:\/\/iberopress.es\/index.php\/wp-json\/wp\/v2\/comments?post=38665"}],"version-history":[{"count":0,"href":"https:\/\/iberopress.es\/index.php\/wp-json\/wp\/v2\/posts\/38665\/revisions"}],"wp:featuredmedia":[{"embeddable":true,"href":"https:\/\/iberopress.es\/index.php\/wp-json\/wp\/v2\/media\/38666"}],"wp:attachment":[{"href":"https:\/\/iberopress.es\/index.php\/wp-json\/wp\/v2\/media?parent=38665"}],"wp:term":[{"taxonomy":"category","embeddable":true,"href":"https:\/\/iberopress.es\/index.php\/wp-json\/wp\/v2\/categories?post=38665"},{"taxonomy":"post_tag","embeddable":true,"href":"https:\/\/iberopress.es\/index.php\/wp-json\/wp\/v2\/tags?post=38665"}],"curies":[{"name":"wp","href":"https:\/\/api.w.org\/{rel}","templated":true}]}}